{"id":42482,"date":"2022-08-02T14:40:04","date_gmt":"2022-08-02T12:40:04","guid":{"rendered":"https:\/\/test.mariusaurenti.com\/uncategorized\/scenography-cote-sud-terres-dexpression\/"},"modified":"2024-01-29T15:09:07","modified_gmt":"2024-01-29T14:09:07","slug":"scenography-cote-sud-terres-dexpression","status":"publish","type":"post","link":"https:\/\/www.mariusaurenti.com\/en\/blog\/scenography-cote-sud-terres-dexpression\/","title":{"rendered":"Scenography C\u00f4t\u00e9 Sud Terres d&#8217;Expression"},"content":{"rendered":"<p><strong>Vivre C\u00f4t\u00e9 Sud exhibition in Aix-en-Provence<\/strong><\/p>\n<p>Take a look at the mural designed with Marius Aurenti materials at <a href=\"https:\/\/www.salonscotemaison.fr\/vivre-cote-sud\/\">Salon Vivre C\u00f4t\u00e9 Sud<\/a>.<\/p>\n<p><a href=\"https:\/\/aureliedesrobert.fr\/\">Aur\u00e9lie Des Robert<\/a>, in her artistic direction, has created a scenography on the theme of &#8220;Terres d&#8217;expressions&#8221;. Artists <a href=\"https:\/\/www.murielmalchus.com\/\">Muriel Malchus<\/a> and <a href=\"https:\/\/www.xavierdeshoulieres.com\/\">Xavier Deshouli\u00e8res<\/a> interpreted this theme with a fresco using Marius Aurenti&#8217;s mineral materials.<\/p>\n<\/p>\n<p>The colors of the plant lacquers chosen are in keeping with the spirit of the show: Terre d&#8217;argile, Ibis, Ch\u00e2taigne, Alezan, Eucalyptus, Fossile, Corde,<\/p>\n<p>Beige m\u00e9lisse was used as a mineral concrete glaze.  <\/p>\n<\/p>\n<p><u>The figures for this year&#8217;s show are :<\/u><\/p>\n<ul>\n<li>26,760 visitors<\/li>\n<li>260 exhibitors<\/li>\n<li>4 intense days<\/li>\n<\/ul>\n<p>\t\t\t\t\t\t\t<a href=\"https:\/\/www.mariusaurenti.com\/wp-content\/uploads\/2023\/07\/Stand-Vivre-Cote-Sud-Marius-Aurenti.jpeg\" data-elementor-open-lightbox=\"yes\" data-elementor-lightbox-slideshow=\"7a378e9\" data-elementor-lightbox-title=\"Stand Vivre Cot\u00e9 Sud - Marius Aurenti\" data-e-action-hash=\"#elementor-action%3Aaction%3Dlightbox%26settings%3DeyJpZCI6MTczNDAsInVybCI6Imh0dHBzOlwvXC90ZXN0Lm1hcml1c2F1cmVudGkuY29tXC93cC1jb250ZW50XC91cGxvYWRzXC8yMDIzXC8wN1wvU3RhbmQtVml2cmUtQ290ZS1TdWQtTWFyaXVzLUF1cmVudGkuanBlZyIsInNsaWRlc2hvdyI6IjdhMzc4ZTkifQ%3D%3D\"><br \/>\n\t\t\t\t\t\t\t\t\t\t\t\t\t\t<\/a><br \/>\n\t\t\t\t\t\t\t<a href=\"https:\/\/www.mariusaurenti.com\/wp-content\/uploads\/2023\/06\/202209-Collection-PrivCe-OCRE-DE-PROVENCE-02.jpg\" data-elementor-open-lightbox=\"yes\" data-elementor-lightbox-slideshow=\"7a378e9\" data-elementor-lightbox-title=\"OCRE DE PROVENCE\" data-e-action-hash=\"#elementor-action%3Aaction%3Dlightbox%26settings%3DeyJpZCI6MTU5ODksInVybCI6Imh0dHBzOlwvXC90ZXN0Lm1hcml1c2F1cmVudGkuY29tXC93cC1jb250ZW50XC91cGxvYWRzXC8yMDIzXC8wNlwvMjAyMjA5LUNvbGxlY3Rpb24tUHJpdkNlLU9DUkUtREUtUFJPVkVOQ0UtMDIuanBnIiwic2xpZGVzaG93IjoiN2EzNzhlOSJ9\"><br \/>\n\t\t\t\t\t\t\t\t\t\t\t\t\t\t<\/a><br \/>\n\t\t\t\t\t\t\t<a href=\"https:\/\/www.mariusaurenti.com\/wp-content\/uploads\/2023\/06\/202209-Collection-PrivCe-OCRE-DE-PROVENCE-03.jpg\" data-elementor-open-lightbox=\"yes\" data-elementor-lightbox-slideshow=\"7a378e9\" data-elementor-lightbox-title=\"OCRE DE PROVENCE\" data-e-action-hash=\"#elementor-action%3Aaction%3Dlightbox%26settings%3DeyJpZCI6MTU5OTAsInVybCI6Imh0dHBzOlwvXC90ZXN0Lm1hcml1c2F1cmVudGkuY29tXC93cC1jb250ZW50XC91cGxvYWRzXC8yMDIzXC8wNlwvMjAyMjA5LUNvbGxlY3Rpb24tUHJpdkNlLU9DUkUtREUtUFJPVkVOQ0UtMDMuanBnIiwic2xpZGVzaG93IjoiN2EzNzhlOSJ9\"><br \/>\n\t\t\t\t\t\t\t\t\t\t\t\t\t\t<\/a><br \/>\n\t\t\t\t\t\t\t<a href=\"https:\/\/www.mariusaurenti.com\/wp-content\/uploads\/2023\/06\/202209-Collection-PrivCe-OCRE-DE-PROVENCE.jpg\" data-elementor-open-lightbox=\"yes\" data-elementor-lightbox-slideshow=\"7a378e9\" data-elementor-lightbox-title=\"OCRE DE PROVENCE\" data-e-action-hash=\"#elementor-action%3Aaction%3Dlightbox%26settings%3DeyJpZCI6MTU5OTEsInVybCI6Imh0dHBzOlwvXC90ZXN0Lm1hcml1c2F1cmVudGkuY29tXC93cC1jb250ZW50XC91cGxvYWRzXC8yMDIzXC8wNlwvMjAyMjA5LUNvbGxlY3Rpb24tUHJpdkNlLU9DUkUtREUtUFJPVkVOQ0UuanBnIiwic2xpZGVzaG93IjoiN2EzNzhlOSJ9\"><br \/>\n\t\t\t\t\t\t\t\t\t\t\t\t\t\t<\/a><\/p>\n","protected":false},"excerpt":{"rendered":"<p>Vivre C\u00f4t\u00e9 Sud exhibition in Aix-en-Provence Take a look at the mural designed with Marius Aurenti materials at Salon Vivre C\u00f4t\u00e9 Sud. Aur\u00e9lie Des Robert, in<span class=\"excerpt-hellip\"> [\u2026]<\/span><\/p>\n","protected":false},"author":2,"featured_media":35978,"comment_status":"closed","ping_status":"closed","sticky":false,"template":"","format":"standard","meta":{"_acf_changed":false,"footnotes":""},"categories":[2905],"tags":[],"class_list":["post-42482","post","type-post","status-publish","format-standard","has-post-thumbnail","hentry","category-blog"],"acf":[],"yoast_head":"<!-- This site is optimized with the Yoast SEO plugin v27.4 - https:\/\/yoast.com\/product\/yoast-seo-wordpress\/ -->\n<title>Scenography C\u00f4t\u00e9 Sud Terres d&#039;Expression - Mati\u00e8res Marius Aurenti<\/title>\n<meta name=\"robots\" content=\"index, follow, max-snippet:-1, max-image-preview:large, max-video-preview:-1\" \/>\n<link rel=\"canonical\" href=\"https:\/\/www.mariusaurenti.com\/en\/blog\/scenography-cote-sud-terres-dexpression\/\" \/>\n<meta property=\"og:locale\" content=\"en_US\" \/>\n<meta property=\"og:type\" content=\"article\" \/>\n<meta property=\"og:title\" content=\"Scenography C\u00f4t\u00e9 Sud Terres d&#039;Expression - Mati\u00e8res Marius Aurenti\" \/>\n<meta property=\"og:description\" content=\"Vivre C\u00f4t\u00e9 Sud exhibition in Aix-en-Provence Take a look at the mural designed with Marius Aurenti materials at Salon Vivre C\u00f4t\u00e9 Sud. Aur\u00e9lie Des Robert, in [\u2026]\" \/>\n<meta property=\"og:url\" content=\"https:\/\/www.mariusaurenti.com\/en\/blog\/scenography-cote-sud-terres-dexpression\/\" \/>\n<meta property=\"og:site_name\" content=\"Mati\u00e8res Marius Aurenti\" \/>\n<meta property=\"article:publisher\" content=\"https:\/\/www.facebook.com\/matieresmariusaurenti\" \/>\n<meta property=\"article:published_time\" content=\"2022-08-02T12:40:04+00:00\" \/>\n<meta property=\"article:modified_time\" content=\"2024-01-29T14:09:07+00:00\" \/>\n<meta property=\"og:image\" content=\"https:\/\/www.mariusaurenti.com\/wp-content\/uploads\/2022\/08\/202205_-_stand_cote_sud_salon_vivre_cote_sud_5.jpeg\" \/>\n\t<meta property=\"og:image:width\" content=\"660\" \/>\n\t<meta property=\"og:image:height\" content=\"330\" \/>\n\t<meta property=\"og:image:type\" content=\"image\/jpeg\" \/>\n<meta name=\"author\" content=\"Lionel Ballet\" \/>\n<meta name=\"twitter:card\" content=\"summary_large_image\" \/>\n<meta name=\"twitter:label1\" content=\"Written by\" \/>\n\t<meta name=\"twitter:data1\" content=\"Lionel Ballet\" \/>\n\t<meta name=\"twitter:label2\" content=\"Est. reading time\" \/>\n\t<meta name=\"twitter:data2\" content=\"1 minute\" \/>\n<script type=\"application\/ld+json\" class=\"yoast-schema-graph\">{\"@context\":\"https:\\\/\\\/schema.org\",\"@graph\":[{\"@type\":\"Article\",\"@id\":\"https:\\\/\\\/www.mariusaurenti.com\\\/en\\\/blog\\\/scenography-cote-sud-terres-dexpression\\\/#article\",\"isPartOf\":{\"@id\":\"https:\\\/\\\/www.mariusaurenti.com\\\/en\\\/blog\\\/scenography-cote-sud-terres-dexpression\\\/\"},\"author\":{\"name\":\"Lionel Ballet\",\"@id\":\"https:\\\/\\\/www.mariusaurenti.com\\\/en\\\/#\\\/schema\\\/person\\\/bdf67727a035062ddbb53332540e6222\"},\"headline\":\"Scenography C\u00f4t\u00e9 Sud Terres d&#8217;Expression\",\"datePublished\":\"2022-08-02T12:40:04+00:00\",\"dateModified\":\"2024-01-29T14:09:07+00:00\",\"mainEntityOfPage\":{\"@id\":\"https:\\\/\\\/www.mariusaurenti.com\\\/en\\\/blog\\\/scenography-cote-sud-terres-dexpression\\\/\"},\"wordCount\":117,\"publisher\":{\"@id\":\"https:\\\/\\\/www.mariusaurenti.com\\\/en\\\/#organization\"},\"image\":{\"@id\":\"https:\\\/\\\/www.mariusaurenti.com\\\/en\\\/blog\\\/scenography-cote-sud-terres-dexpression\\\/#primaryimage\"},\"thumbnailUrl\":\"https:\\\/\\\/www.mariusaurenti.com\\\/wp-content\\\/uploads\\\/2022\\\/08\\\/202205_-_stand_cote_sud_salon_vivre_cote_sud_5.jpeg\",\"articleSection\":[\"Blog\"],\"inLanguage\":\"en-US\"},{\"@type\":\"WebPage\",\"@id\":\"https:\\\/\\\/www.mariusaurenti.com\\\/en\\\/blog\\\/scenography-cote-sud-terres-dexpression\\\/\",\"url\":\"https:\\\/\\\/www.mariusaurenti.com\\\/en\\\/blog\\\/scenography-cote-sud-terres-dexpression\\\/\",\"name\":\"Scenography C\u00f4t\u00e9 Sud Terres d'Expression - Mati\u00e8res Marius Aurenti\",\"isPartOf\":{\"@id\":\"https:\\\/\\\/www.mariusaurenti.com\\\/en\\\/#website\"},\"primaryImageOfPage\":{\"@id\":\"https:\\\/\\\/www.mariusaurenti.com\\\/en\\\/blog\\\/scenography-cote-sud-terres-dexpression\\\/#primaryimage\"},\"image\":{\"@id\":\"https:\\\/\\\/www.mariusaurenti.com\\\/en\\\/blog\\\/scenography-cote-sud-terres-dexpression\\\/#primaryimage\"},\"thumbnailUrl\":\"https:\\\/\\\/www.mariusaurenti.com\\\/wp-content\\\/uploads\\\/2022\\\/08\\\/202205_-_stand_cote_sud_salon_vivre_cote_sud_5.jpeg\",\"datePublished\":\"2022-08-02T12:40:04+00:00\",\"dateModified\":\"2024-01-29T14:09:07+00:00\",\"breadcrumb\":{\"@id\":\"https:\\\/\\\/www.mariusaurenti.com\\\/en\\\/blog\\\/scenography-cote-sud-terres-dexpression\\\/#breadcrumb\"},\"inLanguage\":\"en-US\",\"potentialAction\":[{\"@type\":\"ReadAction\",\"target\":[\"https:\\\/\\\/www.mariusaurenti.com\\\/en\\\/blog\\\/scenography-cote-sud-terres-dexpression\\\/\"]}]},{\"@type\":\"ImageObject\",\"inLanguage\":\"en-US\",\"@id\":\"https:\\\/\\\/www.mariusaurenti.com\\\/en\\\/blog\\\/scenography-cote-sud-terres-dexpression\\\/#primaryimage\",\"url\":\"https:\\\/\\\/www.mariusaurenti.com\\\/wp-content\\\/uploads\\\/2022\\\/08\\\/202205_-_stand_cote_sud_salon_vivre_cote_sud_5.jpeg\",\"contentUrl\":\"https:\\\/\\\/www.mariusaurenti.com\\\/wp-content\\\/uploads\\\/2022\\\/08\\\/202205_-_stand_cote_sud_salon_vivre_cote_sud_5.jpeg\",\"width\":660,\"height\":330},{\"@type\":\"BreadcrumbList\",\"@id\":\"https:\\\/\\\/www.mariusaurenti.com\\\/en\\\/blog\\\/scenography-cote-sud-terres-dexpression\\\/#breadcrumb\",\"itemListElement\":[{\"@type\":\"ListItem\",\"position\":1,\"name\":\"Accueil\",\"item\":\"https:\\\/\\\/www.mariusaurenti.com\\\/en\\\/marius-aurenti-manufacturer-of-micro-concrete-lime-stain-varnish\\\/\"},{\"@type\":\"ListItem\",\"position\":2,\"name\":\"Scenography C\u00f4t\u00e9 Sud Terres d&#8217;Expression\"}]},{\"@type\":\"WebSite\",\"@id\":\"https:\\\/\\\/www.mariusaurenti.com\\\/en\\\/#website\",\"url\":\"https:\\\/\\\/www.mariusaurenti.com\\\/en\\\/\",\"name\":\"Mati\u00e8res Marius Aurenti\",\"description\":\"Fabricant de b\u00e9ton cir\u00e9 et de mati\u00e8res d\u00e9coratives\",\"publisher\":{\"@id\":\"https:\\\/\\\/www.mariusaurenti.com\\\/en\\\/#organization\"},\"potentialAction\":[{\"@type\":\"SearchAction\",\"target\":{\"@type\":\"EntryPoint\",\"urlTemplate\":\"https:\\\/\\\/www.mariusaurenti.com\\\/en\\\/?s={search_term_string}\"},\"query-input\":{\"@type\":\"PropertyValueSpecification\",\"valueRequired\":true,\"valueName\":\"search_term_string\"}}],\"inLanguage\":\"en-US\"},{\"@type\":\"Organization\",\"@id\":\"https:\\\/\\\/www.mariusaurenti.com\\\/en\\\/#organization\",\"name\":\"Marius Aurenti\",\"url\":\"https:\\\/\\\/www.mariusaurenti.com\\\/en\\\/\",\"logo\":{\"@type\":\"ImageObject\",\"inLanguage\":\"en-US\",\"@id\":\"https:\\\/\\\/www.mariusaurenti.com\\\/en\\\/#\\\/schema\\\/logo\\\/image\\\/\",\"url\":\"https:\\\/\\\/www.mariusaurenti.com\\\/wp-content\\\/uploads\\\/2020\\\/11\\\/logo2-1.png\",\"contentUrl\":\"https:\\\/\\\/www.mariusaurenti.com\\\/wp-content\\\/uploads\\\/2020\\\/11\\\/logo2-1.png\",\"width\":390,\"height\":66,\"caption\":\"Marius Aurenti\"},\"image\":{\"@id\":\"https:\\\/\\\/www.mariusaurenti.com\\\/en\\\/#\\\/schema\\\/logo\\\/image\\\/\"},\"sameAs\":[\"https:\\\/\\\/www.facebook.com\\\/matieresmariusaurenti\",\"https:\\\/\\\/www.instagram.com\\\/mariusaurenti\\\/\",\"https:\\\/\\\/www.linkedin.com\\\/company\\\/matieres-marius-aurenti\\\/\",\"https:\\\/\\\/www.pinterest.fr\\\/mariusaurenti\\\/_created\\\/\"]},{\"@type\":\"Person\",\"@id\":\"https:\\\/\\\/www.mariusaurenti.com\\\/en\\\/#\\\/schema\\\/person\\\/bdf67727a035062ddbb53332540e6222\",\"name\":\"Lionel Ballet\",\"description\":\"Lionel Ballet est le Directeur g\u00e9n\u00e9ral de l'entreprise Mati\u00e8res Marius Aurenti.\",\"sameAs\":[\"https:\\\/\\\/www.mariusaurenti.com\",\"admin3517\"],\"url\":\"https:\\\/\\\/www.mariusaurenti.com\\\/en\\\/author\\\/lionel-ballet\\\/\"}]}<\/script>\n<!-- \/ Yoast SEO plugin. -->","yoast_head_json":{"title":"Scenography C\u00f4t\u00e9 Sud Terres d'Expression - Mati\u00e8res Marius Aurenti","robots":{"index":"index","follow":"follow","max-snippet":"max-snippet:-1","max-image-preview":"max-image-preview:large","max-video-preview":"max-video-preview:-1"},"canonical":"https:\/\/www.mariusaurenti.com\/en\/blog\/scenography-cote-sud-terres-dexpression\/","og_locale":"en_US","og_type":"article","og_title":"Scenography C\u00f4t\u00e9 Sud Terres d'Expression - Mati\u00e8res Marius Aurenti","og_description":"Vivre C\u00f4t\u00e9 Sud exhibition in Aix-en-Provence Take a look at the mural designed with Marius Aurenti materials at Salon Vivre C\u00f4t\u00e9 Sud. Aur\u00e9lie Des Robert, in [\u2026]","og_url":"https:\/\/www.mariusaurenti.com\/en\/blog\/scenography-cote-sud-terres-dexpression\/","og_site_name":"Mati\u00e8res Marius Aurenti","article_publisher":"https:\/\/www.facebook.com\/matieresmariusaurenti","article_published_time":"2022-08-02T12:40:04+00:00","article_modified_time":"2024-01-29T14:09:07+00:00","og_image":[{"width":660,"height":330,"url":"https:\/\/www.mariusaurenti.com\/wp-content\/uploads\/2022\/08\/202205_-_stand_cote_sud_salon_vivre_cote_sud_5.jpeg","type":"image\/jpeg"}],"author":"Lionel Ballet","twitter_card":"summary_large_image","twitter_misc":{"Written by":"Lionel Ballet","Est. reading time":"1 minute"},"schema":{"@context":"https:\/\/schema.org","@graph":[{"@type":"Article","@id":"https:\/\/www.mariusaurenti.com\/en\/blog\/scenography-cote-sud-terres-dexpression\/#article","isPartOf":{"@id":"https:\/\/www.mariusaurenti.com\/en\/blog\/scenography-cote-sud-terres-dexpression\/"},"author":{"name":"Lionel Ballet","@id":"https:\/\/www.mariusaurenti.com\/en\/#\/schema\/person\/bdf67727a035062ddbb53332540e6222"},"headline":"Scenography C\u00f4t\u00e9 Sud Terres d&#8217;Expression","datePublished":"2022-08-02T12:40:04+00:00","dateModified":"2024-01-29T14:09:07+00:00","mainEntityOfPage":{"@id":"https:\/\/www.mariusaurenti.com\/en\/blog\/scenography-cote-sud-terres-dexpression\/"},"wordCount":117,"publisher":{"@id":"https:\/\/www.mariusaurenti.com\/en\/#organization"},"image":{"@id":"https:\/\/www.mariusaurenti.com\/en\/blog\/scenography-cote-sud-terres-dexpression\/#primaryimage"},"thumbnailUrl":"https:\/\/www.mariusaurenti.com\/wp-content\/uploads\/2022\/08\/202205_-_stand_cote_sud_salon_vivre_cote_sud_5.jpeg","articleSection":["Blog"],"inLanguage":"en-US"},{"@type":"WebPage","@id":"https:\/\/www.mariusaurenti.com\/en\/blog\/scenography-cote-sud-terres-dexpression\/","url":"https:\/\/www.mariusaurenti.com\/en\/blog\/scenography-cote-sud-terres-dexpression\/","name":"Scenography C\u00f4t\u00e9 Sud Terres d'Expression - Mati\u00e8res Marius Aurenti","isPartOf":{"@id":"https:\/\/www.mariusaurenti.com\/en\/#website"},"primaryImageOfPage":{"@id":"https:\/\/www.mariusaurenti.com\/en\/blog\/scenography-cote-sud-terres-dexpression\/#primaryimage"},"image":{"@id":"https:\/\/www.mariusaurenti.com\/en\/blog\/scenography-cote-sud-terres-dexpression\/#primaryimage"},"thumbnailUrl":"https:\/\/www.mariusaurenti.com\/wp-content\/uploads\/2022\/08\/202205_-_stand_cote_sud_salon_vivre_cote_sud_5.jpeg","datePublished":"2022-08-02T12:40:04+00:00","dateModified":"2024-01-29T14:09:07+00:00","breadcrumb":{"@id":"https:\/\/www.mariusaurenti.com\/en\/blog\/scenography-cote-sud-terres-dexpression\/#breadcrumb"},"inLanguage":"en-US","potentialAction":[{"@type":"ReadAction","target":["https:\/\/www.mariusaurenti.com\/en\/blog\/scenography-cote-sud-terres-dexpression\/"]}]},{"@type":"ImageObject","inLanguage":"en-US","@id":"https:\/\/www.mariusaurenti.com\/en\/blog\/scenography-cote-sud-terres-dexpression\/#primaryimage","url":"https:\/\/www.mariusaurenti.com\/wp-content\/uploads\/2022\/08\/202205_-_stand_cote_sud_salon_vivre_cote_sud_5.jpeg","contentUrl":"https:\/\/www.mariusaurenti.com\/wp-content\/uploads\/2022\/08\/202205_-_stand_cote_sud_salon_vivre_cote_sud_5.jpeg","width":660,"height":330},{"@type":"BreadcrumbList","@id":"https:\/\/www.mariusaurenti.com\/en\/blog\/scenography-cote-sud-terres-dexpression\/#breadcrumb","itemListElement":[{"@type":"ListItem","position":1,"name":"Accueil","item":"https:\/\/www.mariusaurenti.com\/en\/marius-aurenti-manufacturer-of-micro-concrete-lime-stain-varnish\/"},{"@type":"ListItem","position":2,"name":"Scenography C\u00f4t\u00e9 Sud Terres d&#8217;Expression"}]},{"@type":"WebSite","@id":"https:\/\/www.mariusaurenti.com\/en\/#website","url":"https:\/\/www.mariusaurenti.com\/en\/","name":"Mati\u00e8res Marius Aurenti","description":"Fabricant de b\u00e9ton cir\u00e9 et de mati\u00e8res d\u00e9coratives","publisher":{"@id":"https:\/\/www.mariusaurenti.com\/en\/#organization"},"potentialAction":[{"@type":"SearchAction","target":{"@type":"EntryPoint","urlTemplate":"https:\/\/www.mariusaurenti.com\/en\/?s={search_term_string}"},"query-input":{"@type":"PropertyValueSpecification","valueRequired":true,"valueName":"search_term_string"}}],"inLanguage":"en-US"},{"@type":"Organization","@id":"https:\/\/www.mariusaurenti.com\/en\/#organization","name":"Marius Aurenti","url":"https:\/\/www.mariusaurenti.com\/en\/","logo":{"@type":"ImageObject","inLanguage":"en-US","@id":"https:\/\/www.mariusaurenti.com\/en\/#\/schema\/logo\/image\/","url":"https:\/\/www.mariusaurenti.com\/wp-content\/uploads\/2020\/11\/logo2-1.png","contentUrl":"https:\/\/www.mariusaurenti.com\/wp-content\/uploads\/2020\/11\/logo2-1.png","width":390,"height":66,"caption":"Marius Aurenti"},"image":{"@id":"https:\/\/www.mariusaurenti.com\/en\/#\/schema\/logo\/image\/"},"sameAs":["https:\/\/www.facebook.com\/matieresmariusaurenti","https:\/\/www.instagram.com\/mariusaurenti\/","https:\/\/www.linkedin.com\/company\/matieres-marius-aurenti\/","https:\/\/www.pinterest.fr\/mariusaurenti\/_created\/"]},{"@type":"Person","@id":"https:\/\/www.mariusaurenti.com\/en\/#\/schema\/person\/bdf67727a035062ddbb53332540e6222","name":"Lionel Ballet","description":"Lionel Ballet est le Directeur g\u00e9n\u00e9ral de l'entreprise Mati\u00e8res Marius Aurenti.","sameAs":["https:\/\/www.mariusaurenti.com","admin3517"],"url":"https:\/\/www.mariusaurenti.com\/en\/author\/lionel-ballet\/"}]}},"_links":{"self":[{"href":"https:\/\/www.mariusaurenti.com\/en\/wp-json\/wp\/v2\/posts\/42482","targetHints":{"allow":["GET"]}}],"collection":[{"href":"https:\/\/www.mariusaurenti.com\/en\/wp-json\/wp\/v2\/posts"}],"about":[{"href":"https:\/\/www.mariusaurenti.com\/en\/wp-json\/wp\/v2\/types\/post"}],"author":[{"embeddable":true,"href":"https:\/\/www.mariusaurenti.com\/en\/wp-json\/wp\/v2\/users\/2"}],"replies":[{"embeddable":true,"href":"https:\/\/www.mariusaurenti.com\/en\/wp-json\/wp\/v2\/comments?post=42482"}],"version-history":[{"count":0,"href":"https:\/\/www.mariusaurenti.com\/en\/wp-json\/wp\/v2\/posts\/42482\/revisions"}],"wp:featuredmedia":[{"embeddable":true,"href":"https:\/\/www.mariusaurenti.com\/en\/wp-json\/wp\/v2\/media\/35978"}],"wp:attachment":[{"href":"https:\/\/www.mariusaurenti.com\/en\/wp-json\/wp\/v2\/media?parent=42482"}],"wp:term":[{"taxonomy":"category","embeddable":true,"href":"https:\/\/www.mariusaurenti.com\/en\/wp-json\/wp\/v2\/categories?post=42482"},{"taxonomy":"post_tag","embeddable":true,"href":"https:\/\/www.mariusaurenti.com\/en\/wp-json\/wp\/v2\/tags?post=42482"}],"curies":[{"name":"wp","href":"https:\/\/api.w.org\/{rel}","templated":true}]}}