{"id":42856,"date":"2016-02-18T10:50:40","date_gmt":"2016-02-18T09:50:40","guid":{"rendered":"https:\/\/test.mariusaurenti.com\/uncategorized\/enter-the-waxed-concrete-vocational-training-course\/"},"modified":"2024-01-29T15:11:18","modified_gmt":"2024-01-29T14:11:18","slug":"enter-the-waxed-concrete-vocational-training-course","status":"publish","type":"post","link":"https:\/\/www.mariusaurenti.com\/en\/professional-training-in-waxed-concrete\/enter-the-waxed-concrete-vocational-training-course\/","title":{"rendered":"Enter the micro concrete vocational training course"},"content":{"rendered":"<h2>Course content B\u00e9ton cir\u00e9 Marius Aurenti 2 days<\/h2>\n<p>This training course, which has been the benchmark for over 20 years, puts micro concrete into practice in an ultra-compact module.<\/p>\n<p>Intended exclusively for professionals who are new to our materials, it&#8217;s the essential first step before embarking on a project, covering all the key points.<\/p>\n<p>You&#8217;ll discover MA&#8217;s micro concrete applied to floors and walls, corners&#8230;<\/p>\n<p>Also covered are the different substrates, methods of substrate acceptance, different primers and finishes that are essential to the success of your project.<\/p>\n<p><strong>Introducing micro concrete<\/strong><\/p>\n<ul>\n<li>The material<\/li>\n<li>Supports<\/li>\n<li>The primaries<\/li>\n<li>Finishes<\/li>\n<li>The tools<\/li>\n<\/ul>\n<h2>Practical work<\/h2>\n<ul>\n<li>Receipt of media and necessary measuring instruments<\/li>\n<li>Primer application according to substrate<\/li>\n<li>Mixing micro concrete, applying the 1st coat<\/li>\n<li>Application of B\u00e9ton cir\u00e9 2nd coat and 3rd coat technique and decorative effects.<\/li>\n<li>Sanding<\/li>\n<li>Finishing treatments according to destination<\/li>\n<li>Site acceptance<\/li>\n<li>Maintenance<\/li>\n<li>Economic, legal and regulatory aspects<\/li>\n<\/ul>\n<p>Wear appropriate work clothing: coveralls, gloves and safety shoes.<\/p>\n<h2>For whom?<\/h2>\n<p><strong>Professionals<\/strong> who want to develop their skills and business in decorative concrete.<\/p>\n<h2>Where?<\/h2>\n<p>MA&#8217;s Rovaltain factory, Valence TGV (26) and Paris region (78).<\/p>\n<h2>Contact for further information<\/h2>\n<p>J\u00e9r\u00f4me PIFFERO, Training Manager on 07.81.00.24.17<\/p>\n\t\t<div data-elementor-type=\"section\" data-elementor-id=\"20090\" class=\"elementor elementor-20090\" data-elementor-post-type=\"elementor_library\">\n\t\t\t\t\t<section class=\"elementor-section elementor-top-section elementor-element elementor-element-03bc547 elementor-section-boxed elementor-section-height-default elementor-section-height-default\" data-id=\"03bc547\" data-element_type=\"section\" data-e-type=\"section\">\n\t\t\t\t\t\t<div class=\"elementor-container elementor-column-gap-default\">\n\t\t\t\t\t<div class=\"elementor-column elementor-col-50 elementor-top-column elementor-element elementor-element-b755e89\" data-id=\"b755e89\" data-element_type=\"column\" data-e-type=\"column\">\n\t\t\t<div class=\"elementor-widget-wrap elementor-element-populated\">\n\t\t\t\t\t\t<div class=\"elementor-element elementor-element-bb4d539 txt-col elementor-widget elementor-widget-toggle\" data-id=\"bb4d539\" data-element_type=\"widget\" data-e-type=\"widget\" data-widget_type=\"toggle.default\">\n\t\t\t\t<div class=\"elementor-widget-container\">\n\t\t\t\t\t\t\t<div class=\"elementor-toggle\">\n\t\t\t\t\t\t\t<div class=\"elementor-toggle-item\">\n\t\t\t\t\t<h3 id=\"elementor-tab-title-1961\" class=\"elementor-tab-title\" data-tab=\"1\" role=\"button\" aria-controls=\"elementor-tab-content-1961\" aria-expanded=\"false\">\n\t\t\t\t\t\t\t\t\t\t\t\t<span class=\"elementor-toggle-icon elementor-toggle-icon-left\" aria-hidden=\"true\">\n\t\t\t\t\t\t\t\t\t\t\t\t\t\t\t<span class=\"elementor-toggle-icon-closed\"><i class=\"fas fa-caret-right\"><\/i><\/span>\n\t\t\t\t\t\t\t\t<span class=\"elementor-toggle-icon-opened\"><i class=\"elementor-toggle-icon-opened fas fa-caret-up\"><\/i><\/span>\n\t\t\t\t\t\t\t\t\t\t\t\t\t<\/span>\n\t\t\t\t\t\t\t\t\t\t\t\t<a class=\"elementor-toggle-title\" tabindex=\"0\">Dates pour le centre de formation Valence TGV (26)<\/a>\n\t\t\t\t\t<\/h3>\n\n\t\t\t\t\t<div id=\"elementor-tab-content-1961\" class=\"elementor-tab-content elementor-clearfix\" data-tab=\"1\" role=\"region\" aria-labelledby=\"elementor-tab-title-1961\"><h3>Valence : 7 \/ 8 janvier<\/h3><\/div>\n\t\t\t\t<\/div>\n\t\t\t\t\t\t\t<div class=\"elementor-toggle-item\">\n\t\t\t\t\t<h3 id=\"elementor-tab-title-1962\" class=\"elementor-tab-title\" data-tab=\"2\" role=\"button\" aria-controls=\"elementor-tab-content-1962\" aria-expanded=\"false\">\n\t\t\t\t\t\t\t\t\t\t\t\t<span class=\"elementor-toggle-icon elementor-toggle-icon-left\" aria-hidden=\"true\">\n\t\t\t\t\t\t\t\t\t\t\t\t\t\t\t<span class=\"elementor-toggle-icon-closed\"><i class=\"fas fa-caret-right\"><\/i><\/span>\n\t\t\t\t\t\t\t\t<span class=\"elementor-toggle-icon-opened\"><i class=\"elementor-toggle-icon-opened fas fa-caret-up\"><\/i><\/span>\n\t\t\t\t\t\t\t\t\t\t\t\t\t<\/span>\n\t\t\t\t\t\t\t\t\t\t\t\t<a class=\"elementor-toggle-title\" tabindex=\"0\">Dates pour le centre de formation Paris \/ Carri\u00e8res sous Poissy (78)<\/a>\n\t\t\t\t\t<\/h3>\n\n\t\t\t\t\t<div id=\"elementor-tab-content-1962\" class=\"elementor-tab-content elementor-clearfix\" data-tab=\"2\" role=\"region\" aria-labelledby=\"elementor-tab-title-1962\"><h3>Paris : 4 \/ 5 D\u00e9cembre<\/h3><\/div>\n\t\t\t\t<\/div>\n\t\t\t\t\t\t\t\t<\/div>\n\t\t\t\t\t\t<\/div>\n\t\t\t\t<\/div>\n\t\t\t\t\t<\/div>\n\t\t<\/div>\n\t\t\t\t<div class=\"elementor-column elementor-col-50 elementor-top-column elementor-element elementor-element-b13f309\" data-id=\"b13f309\" data-element_type=\"column\" data-e-type=\"column\">\n\t\t\t<div class=\"elementor-widget-wrap elementor-element-populated\">\n\t\t\t\t\t\t<div class=\"elementor-element elementor-element-71f1613 elementor-widget elementor-widget-image\" data-id=\"71f1613\" data-element_type=\"widget\" data-e-type=\"widget\" data-widget_type=\"image.default\">\n\t\t\t\t<div class=\"elementor-widget-container\">\n\t\t\t\t\t\t\t\t\t\t\t\t\t\t\t<img decoding=\"async\" src=\"https:\/\/www.mariusaurenti.com\/wp-content\/uploads\/2023\/06\/Rachel-Styliste-beton-cire-sol-MArius-Aurenti-650x650.jpg\" title=\"Sol de salon en b\u00e9ton cir\u00e9 beige\" alt=\"Sol de salon en b\u00e9ton cir\u00e9 beige\" loading=\"lazy\" \/>\t\t\t\t\t\t\t\t\t\t\t\t\t\t\t<\/div>\n\t\t\t\t<\/div>\n\t\t\t\t\t<\/div>\n\t\t<\/div>\n\t\t\t\t\t<\/div>\n\t\t<\/section>\n\t\t\t\t<\/div>\n\t\t\n<h2>Rate<\/h2>\n<p>Price:<strong> \u20ac900 incl. VAT<\/strong> (\u20ac750 excl. VAT)<\/p>\n<p>2 meals covered during the course. Private training not eligible for training organizations.<\/p>\n<h2>How to register<\/h2>\n<p>Contact the training manager.<\/p>\n<p>Once your application has been validated, a link will be sent to you to confirm your participation.<\/p>\n<p>This will only be taken into account after online payment.<\/p>\n<p>You will receive an invoice once payment has been made.<\/p>\n<p>After the course, you will receive a satisfaction questionnaire and your certificate directly by e-mail.<\/p>\n<h2>Participation guarantee<\/h2>\n<p>Minimum 4 people and maximum 8 per session.<\/p>\n<p>Should the number of participants be pedagogically insufficient for the session to run smoothly, Mati\u00e8res Marius Aurenti reserves the right to postpone the training at least one week before the scheduled date.<\/p>\n<p>Refunds will be made within 10 days.<\/p>\n<p>If you are unable to attend, or if you wish to cancel, please refer to the General Terms and Conditions of the training course for which your registration constitutes acceptance.<\/p>\n","protected":false},"excerpt":{"rendered":"<p>This training course, which has been the benchmark for over 20 years, puts micro concrete into practice in an ultra-compact module. Intended exclusively for professionals who are new to our materials, it&#8217;s the essential first step before embarking on a project, covering all the key points.<\/p>\n","protected":false},"author":2,"featured_media":38578,"comment_status":"closed","ping_status":"closed","sticky":false,"template":"","format":"standard","meta":{"_acf_changed":false,"footnotes":""},"categories":[2917],"tags":[],"class_list":["post-42856","post","type-post","status-publish","format-standard","has-post-thumbnail","hentry","category-professional-training-in-waxed-concrete"],"acf":[],"yoast_head":"<!-- This site is optimized with the Yoast SEO plugin v27.4 - https:\/\/yoast.com\/product\/yoast-seo-wordpress\/ -->\n<title>Enter the micro concrete vocational training course - Mati\u00e8res Marius Aurenti<\/title>\n<meta name=\"robots\" content=\"index, follow, max-snippet:-1, max-image-preview:large, max-video-preview:-1\" \/>\n<link rel=\"canonical\" href=\"https:\/\/www.mariusaurenti.com\/en\/professional-training-in-waxed-concrete\/enter-the-waxed-concrete-vocational-training-course\/\" \/>\n<meta property=\"og:locale\" content=\"en_US\" \/>\n<meta property=\"og:type\" content=\"article\" \/>\n<meta property=\"og:title\" content=\"Enter the micro concrete vocational training course - Mati\u00e8res Marius Aurenti\" \/>\n<meta property=\"og:description\" content=\"This training course, which has been the benchmark for over 20 years, puts micro concrete into practice in an ultra-compact module. Intended exclusively for professionals who are new to our materials, it&#039;s the essential first step before embarking on a project, covering all the key points.\" \/>\n<meta property=\"og:url\" content=\"https:\/\/www.mariusaurenti.com\/en\/professional-training-in-waxed-concrete\/enter-the-waxed-concrete-vocational-training-course\/\" \/>\n<meta property=\"og:site_name\" content=\"Mati\u00e8res Marius Aurenti\" \/>\n<meta property=\"article:publisher\" content=\"https:\/\/www.facebook.com\/matieresmariusaurenti\" \/>\n<meta property=\"article:published_time\" content=\"2016-02-18T09:50:40+00:00\" \/>\n<meta property=\"article:modified_time\" content=\"2024-01-29T14:11:18+00:00\" \/>\n<meta property=\"og:image\" content=\"https:\/\/www.mariusaurenti.com\/wp-content\/uploads\/2016\/02\/Entrez-dans-la-formation-professionnelle-Beton-cire.jpeg\" \/>\n\t<meta property=\"og:image:width\" content=\"1300\" \/>\n\t<meta property=\"og:image:height\" content=\"500\" \/>\n\t<meta property=\"og:image:type\" content=\"image\/jpeg\" \/>\n<meta name=\"author\" content=\"Lionel Ballet\" \/>\n<meta name=\"twitter:card\" content=\"summary_large_image\" \/>\n<meta name=\"twitter:label1\" content=\"Written by\" \/>\n\t<meta name=\"twitter:data1\" content=\"Lionel Ballet\" \/>\n\t<meta name=\"twitter:label2\" content=\"Est. reading time\" \/>\n\t<meta name=\"twitter:data2\" content=\"2 minutes\" \/>\n<script type=\"application\/ld+json\" class=\"yoast-schema-graph\">{\"@context\":\"https:\\\/\\\/schema.org\",\"@graph\":[{\"@type\":\"Article\",\"@id\":\"https:\\\/\\\/www.mariusaurenti.com\\\/en\\\/professional-training-in-waxed-concrete\\\/enter-the-waxed-concrete-vocational-training-course\\\/#article\",\"isPartOf\":{\"@id\":\"https:\\\/\\\/www.mariusaurenti.com\\\/en\\\/professional-training-in-waxed-concrete\\\/enter-the-waxed-concrete-vocational-training-course\\\/\"},\"author\":{\"name\":\"Lionel Ballet\",\"@id\":\"https:\\\/\\\/www.mariusaurenti.com\\\/en\\\/#\\\/schema\\\/person\\\/bdf67727a035062ddbb53332540e6222\"},\"headline\":\"Enter the micro concrete vocational training course\",\"datePublished\":\"2016-02-18T09:50:40+00:00\",\"dateModified\":\"2024-01-29T14:11:18+00:00\",\"mainEntityOfPage\":{\"@id\":\"https:\\\/\\\/www.mariusaurenti.com\\\/en\\\/professional-training-in-waxed-concrete\\\/enter-the-waxed-concrete-vocational-training-course\\\/\"},\"wordCount\":357,\"publisher\":{\"@id\":\"https:\\\/\\\/www.mariusaurenti.com\\\/en\\\/#organization\"},\"image\":{\"@id\":\"https:\\\/\\\/www.mariusaurenti.com\\\/en\\\/professional-training-in-waxed-concrete\\\/enter-the-waxed-concrete-vocational-training-course\\\/#primaryimage\"},\"thumbnailUrl\":\"https:\\\/\\\/www.mariusaurenti.com\\\/wp-content\\\/uploads\\\/2016\\\/02\\\/Entrez-dans-la-formation-professionnelle-Beton-cire.jpeg\",\"articleSection\":[\"Professional training in micro concrete\"],\"inLanguage\":\"en-US\"},{\"@type\":\"WebPage\",\"@id\":\"https:\\\/\\\/www.mariusaurenti.com\\\/en\\\/professional-training-in-waxed-concrete\\\/enter-the-waxed-concrete-vocational-training-course\\\/\",\"url\":\"https:\\\/\\\/www.mariusaurenti.com\\\/en\\\/professional-training-in-waxed-concrete\\\/enter-the-waxed-concrete-vocational-training-course\\\/\",\"name\":\"Enter the micro concrete vocational training course - Mati\u00e8res Marius Aurenti\",\"isPartOf\":{\"@id\":\"https:\\\/\\\/www.mariusaurenti.com\\\/en\\\/#website\"},\"primaryImageOfPage\":{\"@id\":\"https:\\\/\\\/www.mariusaurenti.com\\\/en\\\/professional-training-in-waxed-concrete\\\/enter-the-waxed-concrete-vocational-training-course\\\/#primaryimage\"},\"image\":{\"@id\":\"https:\\\/\\\/www.mariusaurenti.com\\\/en\\\/professional-training-in-waxed-concrete\\\/enter-the-waxed-concrete-vocational-training-course\\\/#primaryimage\"},\"thumbnailUrl\":\"https:\\\/\\\/www.mariusaurenti.com\\\/wp-content\\\/uploads\\\/2016\\\/02\\\/Entrez-dans-la-formation-professionnelle-Beton-cire.jpeg\",\"datePublished\":\"2016-02-18T09:50:40+00:00\",\"dateModified\":\"2024-01-29T14:11:18+00:00\",\"breadcrumb\":{\"@id\":\"https:\\\/\\\/www.mariusaurenti.com\\\/en\\\/professional-training-in-waxed-concrete\\\/enter-the-waxed-concrete-vocational-training-course\\\/#breadcrumb\"},\"inLanguage\":\"en-US\",\"potentialAction\":[{\"@type\":\"ReadAction\",\"target\":[\"https:\\\/\\\/www.mariusaurenti.com\\\/en\\\/professional-training-in-waxed-concrete\\\/enter-the-waxed-concrete-vocational-training-course\\\/\"]}]},{\"@type\":\"ImageObject\",\"inLanguage\":\"en-US\",\"@id\":\"https:\\\/\\\/www.mariusaurenti.com\\\/en\\\/professional-training-in-waxed-concrete\\\/enter-the-waxed-concrete-vocational-training-course\\\/#primaryimage\",\"url\":\"https:\\\/\\\/www.mariusaurenti.com\\\/wp-content\\\/uploads\\\/2016\\\/02\\\/Entrez-dans-la-formation-professionnelle-Beton-cire.jpeg\",\"contentUrl\":\"https:\\\/\\\/www.mariusaurenti.com\\\/wp-content\\\/uploads\\\/2016\\\/02\\\/Entrez-dans-la-formation-professionnelle-Beton-cire.jpeg\",\"width\":1300,\"height\":500},{\"@type\":\"BreadcrumbList\",\"@id\":\"https:\\\/\\\/www.mariusaurenti.com\\\/en\\\/professional-training-in-waxed-concrete\\\/enter-the-waxed-concrete-vocational-training-course\\\/#breadcrumb\",\"itemListElement\":[{\"@type\":\"ListItem\",\"position\":1,\"name\":\"Accueil\",\"item\":\"https:\\\/\\\/www.mariusaurenti.com\\\/en\\\/marius-aurenti-manufacturer-of-micro-concrete-lime-stain-varnish\\\/\"},{\"@type\":\"ListItem\",\"position\":2,\"name\":\"Enter the micro concrete vocational training course\"}]},{\"@type\":\"WebSite\",\"@id\":\"https:\\\/\\\/www.mariusaurenti.com\\\/en\\\/#website\",\"url\":\"https:\\\/\\\/www.mariusaurenti.com\\\/en\\\/\",\"name\":\"Mati\u00e8res Marius Aurenti\",\"description\":\"Fabricant de b\u00e9ton cir\u00e9 et de mati\u00e8res d\u00e9coratives\",\"publisher\":{\"@id\":\"https:\\\/\\\/www.mariusaurenti.com\\\/en\\\/#organization\"},\"potentialAction\":[{\"@type\":\"SearchAction\",\"target\":{\"@type\":\"EntryPoint\",\"urlTemplate\":\"https:\\\/\\\/www.mariusaurenti.com\\\/en\\\/?s={search_term_string}\"},\"query-input\":{\"@type\":\"PropertyValueSpecification\",\"valueRequired\":true,\"valueName\":\"search_term_string\"}}],\"inLanguage\":\"en-US\"},{\"@type\":\"Organization\",\"@id\":\"https:\\\/\\\/www.mariusaurenti.com\\\/en\\\/#organization\",\"name\":\"Marius Aurenti\",\"url\":\"https:\\\/\\\/www.mariusaurenti.com\\\/en\\\/\",\"logo\":{\"@type\":\"ImageObject\",\"inLanguage\":\"en-US\",\"@id\":\"https:\\\/\\\/www.mariusaurenti.com\\\/en\\\/#\\\/schema\\\/logo\\\/image\\\/\",\"url\":\"https:\\\/\\\/www.mariusaurenti.com\\\/wp-content\\\/uploads\\\/2020\\\/11\\\/logo2-1.png\",\"contentUrl\":\"https:\\\/\\\/www.mariusaurenti.com\\\/wp-content\\\/uploads\\\/2020\\\/11\\\/logo2-1.png\",\"width\":390,\"height\":66,\"caption\":\"Marius Aurenti\"},\"image\":{\"@id\":\"https:\\\/\\\/www.mariusaurenti.com\\\/en\\\/#\\\/schema\\\/logo\\\/image\\\/\"},\"sameAs\":[\"https:\\\/\\\/www.facebook.com\\\/matieresmariusaurenti\",\"https:\\\/\\\/www.instagram.com\\\/mariusaurenti\\\/\",\"https:\\\/\\\/www.linkedin.com\\\/company\\\/matieres-marius-aurenti\\\/\",\"https:\\\/\\\/www.pinterest.fr\\\/mariusaurenti\\\/_created\\\/\"]},{\"@type\":\"Person\",\"@id\":\"https:\\\/\\\/www.mariusaurenti.com\\\/en\\\/#\\\/schema\\\/person\\\/bdf67727a035062ddbb53332540e6222\",\"name\":\"Lionel Ballet\",\"description\":\"Lionel Ballet est le Directeur g\u00e9n\u00e9ral de l'entreprise Mati\u00e8res Marius Aurenti.\",\"sameAs\":[\"https:\\\/\\\/www.mariusaurenti.com\",\"admin3517\"],\"url\":\"https:\\\/\\\/www.mariusaurenti.com\\\/en\\\/author\\\/lionel-ballet\\\/\"}]}<\/script>\n<!-- \/ Yoast SEO plugin. -->","yoast_head_json":{"title":"Enter the micro concrete vocational training course - Mati\u00e8res Marius Aurenti","robots":{"index":"index","follow":"follow","max-snippet":"max-snippet:-1","max-image-preview":"max-image-preview:large","max-video-preview":"max-video-preview:-1"},"canonical":"https:\/\/www.mariusaurenti.com\/en\/professional-training-in-waxed-concrete\/enter-the-waxed-concrete-vocational-training-course\/","og_locale":"en_US","og_type":"article","og_title":"Enter the micro concrete vocational training course - Mati\u00e8res Marius Aurenti","og_description":"This training course, which has been the benchmark for over 20 years, puts micro concrete into practice in an ultra-compact module. Intended exclusively for professionals who are new to our materials, it's the essential first step before embarking on a project, covering all the key points.","og_url":"https:\/\/www.mariusaurenti.com\/en\/professional-training-in-waxed-concrete\/enter-the-waxed-concrete-vocational-training-course\/","og_site_name":"Mati\u00e8res Marius Aurenti","article_publisher":"https:\/\/www.facebook.com\/matieresmariusaurenti","article_published_time":"2016-02-18T09:50:40+00:00","article_modified_time":"2024-01-29T14:11:18+00:00","og_image":[{"width":1300,"height":500,"url":"https:\/\/www.mariusaurenti.com\/wp-content\/uploads\/2016\/02\/Entrez-dans-la-formation-professionnelle-Beton-cire.jpeg","type":"image\/jpeg"}],"author":"Lionel Ballet","twitter_card":"summary_large_image","twitter_misc":{"Written by":"Lionel Ballet","Est. reading time":"2 minutes"},"schema":{"@context":"https:\/\/schema.org","@graph":[{"@type":"Article","@id":"https:\/\/www.mariusaurenti.com\/en\/professional-training-in-waxed-concrete\/enter-the-waxed-concrete-vocational-training-course\/#article","isPartOf":{"@id":"https:\/\/www.mariusaurenti.com\/en\/professional-training-in-waxed-concrete\/enter-the-waxed-concrete-vocational-training-course\/"},"author":{"name":"Lionel Ballet","@id":"https:\/\/www.mariusaurenti.com\/en\/#\/schema\/person\/bdf67727a035062ddbb53332540e6222"},"headline":"Enter the micro concrete vocational training course","datePublished":"2016-02-18T09:50:40+00:00","dateModified":"2024-01-29T14:11:18+00:00","mainEntityOfPage":{"@id":"https:\/\/www.mariusaurenti.com\/en\/professional-training-in-waxed-concrete\/enter-the-waxed-concrete-vocational-training-course\/"},"wordCount":357,"publisher":{"@id":"https:\/\/www.mariusaurenti.com\/en\/#organization"},"image":{"@id":"https:\/\/www.mariusaurenti.com\/en\/professional-training-in-waxed-concrete\/enter-the-waxed-concrete-vocational-training-course\/#primaryimage"},"thumbnailUrl":"https:\/\/www.mariusaurenti.com\/wp-content\/uploads\/2016\/02\/Entrez-dans-la-formation-professionnelle-Beton-cire.jpeg","articleSection":["Professional training in micro concrete"],"inLanguage":"en-US"},{"@type":"WebPage","@id":"https:\/\/www.mariusaurenti.com\/en\/professional-training-in-waxed-concrete\/enter-the-waxed-concrete-vocational-training-course\/","url":"https:\/\/www.mariusaurenti.com\/en\/professional-training-in-waxed-concrete\/enter-the-waxed-concrete-vocational-training-course\/","name":"Enter the micro concrete vocational training course - Mati\u00e8res Marius Aurenti","isPartOf":{"@id":"https:\/\/www.mariusaurenti.com\/en\/#website"},"primaryImageOfPage":{"@id":"https:\/\/www.mariusaurenti.com\/en\/professional-training-in-waxed-concrete\/enter-the-waxed-concrete-vocational-training-course\/#primaryimage"},"image":{"@id":"https:\/\/www.mariusaurenti.com\/en\/professional-training-in-waxed-concrete\/enter-the-waxed-concrete-vocational-training-course\/#primaryimage"},"thumbnailUrl":"https:\/\/www.mariusaurenti.com\/wp-content\/uploads\/2016\/02\/Entrez-dans-la-formation-professionnelle-Beton-cire.jpeg","datePublished":"2016-02-18T09:50:40+00:00","dateModified":"2024-01-29T14:11:18+00:00","breadcrumb":{"@id":"https:\/\/www.mariusaurenti.com\/en\/professional-training-in-waxed-concrete\/enter-the-waxed-concrete-vocational-training-course\/#breadcrumb"},"inLanguage":"en-US","potentialAction":[{"@type":"ReadAction","target":["https:\/\/www.mariusaurenti.com\/en\/professional-training-in-waxed-concrete\/enter-the-waxed-concrete-vocational-training-course\/"]}]},{"@type":"ImageObject","inLanguage":"en-US","@id":"https:\/\/www.mariusaurenti.com\/en\/professional-training-in-waxed-concrete\/enter-the-waxed-concrete-vocational-training-course\/#primaryimage","url":"https:\/\/www.mariusaurenti.com\/wp-content\/uploads\/2016\/02\/Entrez-dans-la-formation-professionnelle-Beton-cire.jpeg","contentUrl":"https:\/\/www.mariusaurenti.com\/wp-content\/uploads\/2016\/02\/Entrez-dans-la-formation-professionnelle-Beton-cire.jpeg","width":1300,"height":500},{"@type":"BreadcrumbList","@id":"https:\/\/www.mariusaurenti.com\/en\/professional-training-in-waxed-concrete\/enter-the-waxed-concrete-vocational-training-course\/#breadcrumb","itemListElement":[{"@type":"ListItem","position":1,"name":"Accueil","item":"https:\/\/www.mariusaurenti.com\/en\/marius-aurenti-manufacturer-of-micro-concrete-lime-stain-varnish\/"},{"@type":"ListItem","position":2,"name":"Enter the micro concrete vocational training course"}]},{"@type":"WebSite","@id":"https:\/\/www.mariusaurenti.com\/en\/#website","url":"https:\/\/www.mariusaurenti.com\/en\/","name":"Mati\u00e8res Marius Aurenti","description":"Fabricant de b\u00e9ton cir\u00e9 et de mati\u00e8res d\u00e9coratives","publisher":{"@id":"https:\/\/www.mariusaurenti.com\/en\/#organization"},"potentialAction":[{"@type":"SearchAction","target":{"@type":"EntryPoint","urlTemplate":"https:\/\/www.mariusaurenti.com\/en\/?s={search_term_string}"},"query-input":{"@type":"PropertyValueSpecification","valueRequired":true,"valueName":"search_term_string"}}],"inLanguage":"en-US"},{"@type":"Organization","@id":"https:\/\/www.mariusaurenti.com\/en\/#organization","name":"Marius Aurenti","url":"https:\/\/www.mariusaurenti.com\/en\/","logo":{"@type":"ImageObject","inLanguage":"en-US","@id":"https:\/\/www.mariusaurenti.com\/en\/#\/schema\/logo\/image\/","url":"https:\/\/www.mariusaurenti.com\/wp-content\/uploads\/2020\/11\/logo2-1.png","contentUrl":"https:\/\/www.mariusaurenti.com\/wp-content\/uploads\/2020\/11\/logo2-1.png","width":390,"height":66,"caption":"Marius Aurenti"},"image":{"@id":"https:\/\/www.mariusaurenti.com\/en\/#\/schema\/logo\/image\/"},"sameAs":["https:\/\/www.facebook.com\/matieresmariusaurenti","https:\/\/www.instagram.com\/mariusaurenti\/","https:\/\/www.linkedin.com\/company\/matieres-marius-aurenti\/","https:\/\/www.pinterest.fr\/mariusaurenti\/_created\/"]},{"@type":"Person","@id":"https:\/\/www.mariusaurenti.com\/en\/#\/schema\/person\/bdf67727a035062ddbb53332540e6222","name":"Lionel Ballet","description":"Lionel Ballet est le Directeur g\u00e9n\u00e9ral de l'entreprise Mati\u00e8res Marius Aurenti.","sameAs":["https:\/\/www.mariusaurenti.com","admin3517"],"url":"https:\/\/www.mariusaurenti.com\/en\/author\/lionel-ballet\/"}]}},"_links":{"self":[{"href":"https:\/\/www.mariusaurenti.com\/en\/wp-json\/wp\/v2\/posts\/42856","targetHints":{"allow":["GET"]}}],"collection":[{"href":"https:\/\/www.mariusaurenti.com\/en\/wp-json\/wp\/v2\/posts"}],"about":[{"href":"https:\/\/www.mariusaurenti.com\/en\/wp-json\/wp\/v2\/types\/post"}],"author":[{"embeddable":true,"href":"https:\/\/www.mariusaurenti.com\/en\/wp-json\/wp\/v2\/users\/2"}],"replies":[{"embeddable":true,"href":"https:\/\/www.mariusaurenti.com\/en\/wp-json\/wp\/v2\/comments?post=42856"}],"version-history":[{"count":0,"href":"https:\/\/www.mariusaurenti.com\/en\/wp-json\/wp\/v2\/posts\/42856\/revisions"}],"wp:featuredmedia":[{"embeddable":true,"href":"https:\/\/www.mariusaurenti.com\/en\/wp-json\/wp\/v2\/media\/38578"}],"wp:attachment":[{"href":"https:\/\/www.mariusaurenti.com\/en\/wp-json\/wp\/v2\/media?parent=42856"}],"wp:term":[{"taxonomy":"category","embeddable":true,"href":"https:\/\/www.mariusaurenti.com\/en\/wp-json\/wp\/v2\/categories?post=42856"},{"taxonomy":"post_tag","embeddable":true,"href":"https:\/\/www.mariusaurenti.com\/en\/wp-json\/wp\/v2\/tags?post=42856"}],"curies":[{"name":"wp","href":"https:\/\/api.w.org\/{rel}","templated":true}]}}